{"id":2803,"date":"2024-02-01T11:00:22","date_gmt":"2024-02-01T10:00:22","guid":{"rendered":"https:\/\/www.camping-costaponente.com\/cefalu\/"},"modified":"2024-11-13T16:34:10","modified_gmt":"2024-11-13T15:34:10","slug":"cefalu","status":"publish","type":"post","link":"https:\/\/www.camping-costaponente.com\/fr\/cefalu\/","title":{"rendered":"Cefal\u00f9"},"content":{"rendered":"<p>Notre belle ville se dresse sur une bande de terre qui s&rsquo;\u00e9tend vers la <strong>mer Tyrrh\u00e9nienne<\/strong>, au pied de l&rsquo;imposante falaise, la Rocca, qui la domine et qui est devenue son symbole. Gr\u00e2ce au climat doux et aux superbes beaut\u00e9s artistiques et naturalistes, la ville est consid\u00e9r\u00e9e comme l&rsquo;une des perles de la Sicile. On sait peu de choses sur les origines de <strong>Cefal\u00f9<\/strong>.<\/p>\n<p>La ville est probablement n\u00e9e vers le V\u00e8me si\u00e8cle. BC comme un avant-poste fortifi\u00e9, presque certainement grec, juste au pied du Rocher, o\u00f9 se trouve encore aujourd&rsquo;hui le centre historique, enferm\u00e9 dans un puissant mur d&rsquo;enceinte connu sous le nom de <strong>Murs m\u00e9galithiques<\/strong>. Non seulement les murs m\u00e9galithiques et, en partie, le tissu urbain, mais aussi certains t\u00e9moignages int\u00e9ressants mis au jour par les r\u00e9centes recherches arch\u00e9ologiques remontent \u00e0 Cefal\u00f9 hell\u00e9nistique-romain.<\/p>\n<p><strong>Entre la fin du Ve et le d\u00e9but du IVe si\u00e8cle. AVANT JC. Il faut dater le Temple de Diane, un \u00e9difice m\u00e9galithique situ\u00e9 sur le Rocher, construit autour d&rsquo;une citerne protohistorique qui, cr\u00e9\u00e9e comme si\u00e8ge d&rsquo;un culte de l&rsquo;eau, t\u00e9moigne, avec deux grottes du c\u00f4t\u00e9 est du Rock, la pr\u00e9sence d&rsquo;un \u00e9tablissement humain dans la zone avant m\u00eame la naissance du centre urbain en bord de mer.<\/strong><\/p>\n<p>Durant la <strong>p\u00e9riode byzantine<\/strong>, la ville, comme beaucoup d&rsquo;autres localit\u00e9s c\u00f4ti\u00e8res, fut d\u00e9plac\u00e9e vers le Rocher pour mieux se d\u00e9fendre contre les attaques des pirates. Ici, d&rsquo;importants vestiges de structures m\u00e9di\u00e9vales sont encore visibles (murs cr\u00e9nel\u00e9s, citernes, \u00e9glises, casernes et une s\u00e9rie de fours). La mosa\u00efque polychrome (VIe si\u00e8cle) peut \u00e9galement \u00eatre attribu\u00e9e \u00e0 cette m\u00eame \u00e9poque.<\/p>\n","protected":false},"excerpt":{"rendered":"<p>Cefal\u00f9 se dresse sur une bande de terre qui s&rsquo;\u00e9tend vers la mer Tyrrh\u00e9nienne, au pied de l&rsquo;imposante falaise, la Rocca, qui la surplombe et en est devenue le symbole.<\/p>\n","protected":false},"author":1,"featured_media":2876,"comment_status":"closed","ping_status":"closed","sticky":false,"template":"","format":"standard","meta":{"footnotes":""},"categories":[63],"tags":[],"class_list":["post-2803","post","type-post","status-publish","format-standard","has-post-thumbnail","hentry","category-dintorni-fr"],"yoast_head":"<!-- This site is optimized with the Yoast SEO plugin v27.5 - https:\/\/yoast.com\/product\/yoast-seo-wordpress\/ -->\n<title>Cefal\u00f9 - Camping Costa Ponente<\/title>\n<meta name=\"robots\" content=\"index, follow, max-snippet:-1, max-image-preview:large, max-video-preview:-1\" \/>\n<link rel=\"canonical\" href=\"https:\/\/www.camping-costaponente.com\/fr\/cefalu\/\" \/>\n<meta property=\"og:locale\" content=\"fr_FR\" \/>\n<meta property=\"og:type\" content=\"article\" \/>\n<meta property=\"og:title\" content=\"Cefal\u00f9 - Camping Costa Ponente\" \/>\n<meta property=\"og:description\" content=\"Cefal\u00f9 se dresse sur une bande de terre qui s&#039;\u00e9tend vers la mer Tyrrh\u00e9nienne, au pied de l&#039;imposante falaise, la Rocca, qui la surplombe et en est devenue le symbole.\" \/>\n<meta property=\"og:url\" content=\"https:\/\/www.camping-costaponente.com\/fr\/cefalu\/\" \/>\n<meta property=\"og:site_name\" content=\"Camping Costa Ponente\" \/>\n<meta property=\"article:published_time\" content=\"2024-02-01T10:00:22+00:00\" \/>\n<meta property=\"article:modified_time\" content=\"2024-11-13T15:34:10+00:00\" \/>\n<meta property=\"og:image\" content=\"https:\/\/www.camping-costaponente.com\/wp-cntnt\/uplds\/2024\/02\/camping-costa-ponente-cefalu.jpg\" \/>\n\t<meta property=\"og:image:width\" content=\"960\" \/>\n\t<meta property=\"og:image:height\" content=\"540\" \/>\n\t<meta property=\"og:image:type\" content=\"image\/jpeg\" \/>\n<meta name=\"author\" content=\"beddy\" \/>\n<meta name=\"twitter:card\" content=\"summary_large_image\" \/>\n<meta name=\"twitter:label1\" content=\"\u00c9crit par\" \/>\n\t<meta name=\"twitter:data1\" content=\"beddy\" \/>\n\t<meta name=\"twitter:label2\" content=\"Dur\u00e9e de lecture estim\u00e9e\" \/>\n\t<meta name=\"twitter:data2\" content=\"2 minutes\" \/>\n<script type=\"application\/ld+json\" class=\"yoast-schema-graph\">{\"@context\":\"https:\\\/\\\/schema.org\",\"@graph\":[{\"@type\":\"Article\",\"@id\":\"https:\\\/\\\/www.camping-costaponente.com\\\/fr\\\/cefalu\\\/#article\",\"isPartOf\":{\"@id\":\"https:\\\/\\\/www.camping-costaponente.com\\\/fr\\\/cefalu\\\/\"},\"author\":{\"name\":\"beddy\",\"@id\":\"https:\\\/\\\/www.camping-costaponente.com\\\/#\\\/schema\\\/person\\\/1c8591175c88b6ef149e405b01c0524c\"},\"headline\":\"Cefal\u00f9\",\"datePublished\":\"2024-02-01T10:00:22+00:00\",\"dateModified\":\"2024-11-13T15:34:10+00:00\",\"mainEntityOfPage\":{\"@id\":\"https:\\\/\\\/www.camping-costaponente.com\\\/fr\\\/cefalu\\\/\"},\"wordCount\":310,\"image\":{\"@id\":\"https:\\\/\\\/www.camping-costaponente.com\\\/fr\\\/cefalu\\\/#primaryimage\"},\"thumbnailUrl\":\"https:\\\/\\\/www.camping-costaponente.com\\\/wp-cntnt\\\/uplds\\\/2024\\\/02\\\/camping-costa-ponente-cefalu.jpg\",\"articleSection\":[\"Environs\"],\"inLanguage\":\"fr-FR\"},{\"@type\":\"WebPage\",\"@id\":\"https:\\\/\\\/www.camping-costaponente.com\\\/fr\\\/cefalu\\\/\",\"url\":\"https:\\\/\\\/www.camping-costaponente.com\\\/fr\\\/cefalu\\\/\",\"name\":\"Cefal\u00f9 - Camping Costa Ponente\",\"isPartOf\":{\"@id\":\"https:\\\/\\\/www.camping-costaponente.com\\\/#website\"},\"primaryImageOfPage\":{\"@id\":\"https:\\\/\\\/www.camping-costaponente.com\\\/fr\\\/cefalu\\\/#primaryimage\"},\"image\":{\"@id\":\"https:\\\/\\\/www.camping-costaponente.com\\\/fr\\\/cefalu\\\/#primaryimage\"},\"thumbnailUrl\":\"https:\\\/\\\/www.camping-costaponente.com\\\/wp-cntnt\\\/uplds\\\/2024\\\/02\\\/camping-costa-ponente-cefalu.jpg\",\"datePublished\":\"2024-02-01T10:00:22+00:00\",\"dateModified\":\"2024-11-13T15:34:10+00:00\",\"author\":{\"@id\":\"https:\\\/\\\/www.camping-costaponente.com\\\/#\\\/schema\\\/person\\\/1c8591175c88b6ef149e405b01c0524c\"},\"inLanguage\":\"fr-FR\",\"potentialAction\":[{\"@type\":\"ReadAction\",\"target\":[\"https:\\\/\\\/www.camping-costaponente.com\\\/fr\\\/cefalu\\\/\"]}]},{\"@type\":\"ImageObject\",\"inLanguage\":\"fr-FR\",\"@id\":\"https:\\\/\\\/www.camping-costaponente.com\\\/fr\\\/cefalu\\\/#primaryimage\",\"url\":\"https:\\\/\\\/www.camping-costaponente.com\\\/wp-cntnt\\\/uplds\\\/2024\\\/02\\\/camping-costa-ponente-cefalu.jpg\",\"contentUrl\":\"https:\\\/\\\/www.camping-costaponente.com\\\/wp-cntnt\\\/uplds\\\/2024\\\/02\\\/camping-costa-ponente-cefalu.jpg\",\"width\":960,\"height\":540},{\"@type\":\"WebSite\",\"@id\":\"https:\\\/\\\/www.camping-costaponente.com\\\/#website\",\"url\":\"https:\\\/\\\/www.camping-costaponente.com\\\/\",\"name\":\"Camping Costa Ponente\",\"description\":\"\",\"potentialAction\":[{\"@type\":\"SearchAction\",\"target\":{\"@type\":\"EntryPoint\",\"urlTemplate\":\"https:\\\/\\\/www.camping-costaponente.com\\\/?s={search_term_string}\"},\"query-input\":{\"@type\":\"PropertyValueSpecification\",\"valueRequired\":true,\"valueName\":\"search_term_string\"}}],\"inLanguage\":\"fr-FR\"},{\"@type\":\"Person\",\"@id\":\"https:\\\/\\\/www.camping-costaponente.com\\\/#\\\/schema\\\/person\\\/1c8591175c88b6ef149e405b01c0524c\",\"name\":\"beddy\",\"image\":{\"@type\":\"ImageObject\",\"inLanguage\":\"fr-FR\",\"@id\":\"https:\\\/\\\/secure.gravatar.com\\\/avatar\\\/a8aa49b8d56d97a9c45029d31fa5b89a410c4903b0f463b43f97f18bc449548e?s=96&d=mm&r=g\",\"url\":\"https:\\\/\\\/secure.gravatar.com\\\/avatar\\\/a8aa49b8d56d97a9c45029d31fa5b89a410c4903b0f463b43f97f18bc449548e?s=96&d=mm&r=g\",\"contentUrl\":\"https:\\\/\\\/secure.gravatar.com\\\/avatar\\\/a8aa49b8d56d97a9c45029d31fa5b89a410c4903b0f463b43f97f18bc449548e?s=96&d=mm&r=g\",\"caption\":\"beddy\"},\"sameAs\":[\"https:\\\/\\\/www.camping-costaponente.com\"]}]}<\/script>\n<!-- \/ Yoast SEO plugin. -->","yoast_head_json":{"title":"Cefal\u00f9 - Camping Costa Ponente","robots":{"index":"index","follow":"follow","max-snippet":"max-snippet:-1","max-image-preview":"max-image-preview:large","max-video-preview":"max-video-preview:-1"},"canonical":"https:\/\/www.camping-costaponente.com\/fr\/cefalu\/","og_locale":"fr_FR","og_type":"article","og_title":"Cefal\u00f9 - Camping Costa Ponente","og_description":"Cefal\u00f9 se dresse sur une bande de terre qui s'\u00e9tend vers la mer Tyrrh\u00e9nienne, au pied de l'imposante falaise, la Rocca, qui la surplombe et en est devenue le symbole.","og_url":"https:\/\/www.camping-costaponente.com\/fr\/cefalu\/","og_site_name":"Camping Costa Ponente","article_published_time":"2024-02-01T10:00:22+00:00","article_modified_time":"2024-11-13T15:34:10+00:00","og_image":[{"width":960,"height":540,"url":"https:\/\/www.camping-costaponente.com\/wp-cntnt\/uplds\/2024\/02\/camping-costa-ponente-cefalu.jpg","type":"image\/jpeg"}],"author":"beddy","twitter_card":"summary_large_image","twitter_misc":{"\u00c9crit par":"beddy","Dur\u00e9e de lecture estim\u00e9e":"2 minutes"},"schema":{"@context":"https:\/\/schema.org","@graph":[{"@type":"Article","@id":"https:\/\/www.camping-costaponente.com\/fr\/cefalu\/#article","isPartOf":{"@id":"https:\/\/www.camping-costaponente.com\/fr\/cefalu\/"},"author":{"name":"beddy","@id":"https:\/\/www.camping-costaponente.com\/#\/schema\/person\/1c8591175c88b6ef149e405b01c0524c"},"headline":"Cefal\u00f9","datePublished":"2024-02-01T10:00:22+00:00","dateModified":"2024-11-13T15:34:10+00:00","mainEntityOfPage":{"@id":"https:\/\/www.camping-costaponente.com\/fr\/cefalu\/"},"wordCount":310,"image":{"@id":"https:\/\/www.camping-costaponente.com\/fr\/cefalu\/#primaryimage"},"thumbnailUrl":"https:\/\/www.camping-costaponente.com\/wp-cntnt\/uplds\/2024\/02\/camping-costa-ponente-cefalu.jpg","articleSection":["Environs"],"inLanguage":"fr-FR"},{"@type":"WebPage","@id":"https:\/\/www.camping-costaponente.com\/fr\/cefalu\/","url":"https:\/\/www.camping-costaponente.com\/fr\/cefalu\/","name":"Cefal\u00f9 - Camping Costa Ponente","isPartOf":{"@id":"https:\/\/www.camping-costaponente.com\/#website"},"primaryImageOfPage":{"@id":"https:\/\/www.camping-costaponente.com\/fr\/cefalu\/#primaryimage"},"image":{"@id":"https:\/\/www.camping-costaponente.com\/fr\/cefalu\/#primaryimage"},"thumbnailUrl":"https:\/\/www.camping-costaponente.com\/wp-cntnt\/uplds\/2024\/02\/camping-costa-ponente-cefalu.jpg","datePublished":"2024-02-01T10:00:22+00:00","dateModified":"2024-11-13T15:34:10+00:00","author":{"@id":"https:\/\/www.camping-costaponente.com\/#\/schema\/person\/1c8591175c88b6ef149e405b01c0524c"},"inLanguage":"fr-FR","potentialAction":[{"@type":"ReadAction","target":["https:\/\/www.camping-costaponente.com\/fr\/cefalu\/"]}]},{"@type":"ImageObject","inLanguage":"fr-FR","@id":"https:\/\/www.camping-costaponente.com\/fr\/cefalu\/#primaryimage","url":"https:\/\/www.camping-costaponente.com\/wp-cntnt\/uplds\/2024\/02\/camping-costa-ponente-cefalu.jpg","contentUrl":"https:\/\/www.camping-costaponente.com\/wp-cntnt\/uplds\/2024\/02\/camping-costa-ponente-cefalu.jpg","width":960,"height":540},{"@type":"WebSite","@id":"https:\/\/www.camping-costaponente.com\/#website","url":"https:\/\/www.camping-costaponente.com\/","name":"Camping Costa Ponente","description":"","potentialAction":[{"@type":"SearchAction","target":{"@type":"EntryPoint","urlTemplate":"https:\/\/www.camping-costaponente.com\/?s={search_term_string}"},"query-input":{"@type":"PropertyValueSpecification","valueRequired":true,"valueName":"search_term_string"}}],"inLanguage":"fr-FR"},{"@type":"Person","@id":"https:\/\/www.camping-costaponente.com\/#\/schema\/person\/1c8591175c88b6ef149e405b01c0524c","name":"beddy","image":{"@type":"ImageObject","inLanguage":"fr-FR","@id":"https:\/\/secure.gravatar.com\/avatar\/a8aa49b8d56d97a9c45029d31fa5b89a410c4903b0f463b43f97f18bc449548e?s=96&d=mm&r=g","url":"https:\/\/secure.gravatar.com\/avatar\/a8aa49b8d56d97a9c45029d31fa5b89a410c4903b0f463b43f97f18bc449548e?s=96&d=mm&r=g","contentUrl":"https:\/\/secure.gravatar.com\/avatar\/a8aa49b8d56d97a9c45029d31fa5b89a410c4903b0f463b43f97f18bc449548e?s=96&d=mm&r=g","caption":"beddy"},"sameAs":["https:\/\/www.camping-costaponente.com"]}]}},"_links":{"self":[{"href":"https:\/\/www.camping-costaponente.com\/fr\/wp-json\/wp\/v2\/posts\/2803","targetHints":{"allow":["GET"]}}],"collection":[{"href":"https:\/\/www.camping-costaponente.com\/fr\/wp-json\/wp\/v2\/posts"}],"about":[{"href":"https:\/\/www.camping-costaponente.com\/fr\/wp-json\/wp\/v2\/types\/post"}],"author":[{"embeddable":true,"href":"https:\/\/www.camping-costaponente.com\/fr\/wp-json\/wp\/v2\/users\/1"}],"replies":[{"embeddable":true,"href":"https:\/\/www.camping-costaponente.com\/fr\/wp-json\/wp\/v2\/comments?post=2803"}],"version-history":[{"count":1,"href":"https:\/\/www.camping-costaponente.com\/fr\/wp-json\/wp\/v2\/posts\/2803\/revisions"}],"predecessor-version":[{"id":2816,"href":"https:\/\/www.camping-costaponente.com\/fr\/wp-json\/wp\/v2\/posts\/2803\/revisions\/2816"}],"wp:featuredmedia":[{"embeddable":true,"href":"https:\/\/www.camping-costaponente.com\/fr\/wp-json\/wp\/v2\/media\/2876"}],"wp:attachment":[{"href":"https:\/\/www.camping-costaponente.com\/fr\/wp-json\/wp\/v2\/media?parent=2803"}],"wp:term":[{"taxonomy":"category","embeddable":true,"href":"https:\/\/www.camping-costaponente.com\/fr\/wp-json\/wp\/v2\/categories?post=2803"},{"taxonomy":"post_tag","embeddable":true,"href":"https:\/\/www.camping-costaponente.com\/fr\/wp-json\/wp\/v2\/tags?post=2803"}],"curies":[{"name":"wp","href":"https:\/\/api.w.org\/{rel}","templated":true}]}}